{"id":1,"date":"2013-04-21T22:08:09","date_gmt":"2013-04-21T22:08:09","guid":{"rendered":"http:\/\/www.murks-nein-danke.de\/verein\/?p=1"},"modified":"2013-04-22T20:30:12","modified_gmt":"2013-04-22T18:30:12","slug":"hallo-welt","status":"publish","type":"post","link":"http:\/\/www.murks-nein-danke.de\/verein\/hallo-welt\/","title":{"rendered":"Hallo Welt!"},"content":{"rendered":"<p>Nach vielen ersten Erfolgen und wunderbaren Begegnungen mit Menschen, die sich mit uns f\u00fcr nachhaltige Produktqualit\u00e4t einsetzen wollen, haben wir nun den Verein gegr\u00fcndet. Mit dieser gest\u00e4rkten Organisationskraft wollen wir unsere Arbeitsgruppen und Projektarbeit auf eine stabile Basis stellen. Wir laden alle ein, sich uns anzuschliessen. Lasst uhns gemeinsam ein deutliches Zeichen daf\u00fcr setzen. dass unsere Gesellschaft keine Wegwerfgesellschaft ist. Wir erachten uns als kaufende Gesellschaft, die von Hersteller und dem Handel erwartet, dass sie ihrer nachhaltigen Produktverantowrtung nachkommen. Wir sind gemeinsam weltweit eine werdende Kreislaufgesellschaft.<\/p>\n<p>&nbsp;<\/p>\n","protected":false},"excerpt":{"rendered":"<p>Nach vielen ersten Erfolgen und wunderbaren Begegnungen mit Menschen, die sich mit uns f\u00fcr nachhaltige Produktqualit\u00e4t einsetzen wollen, haben wir nun den Verein gegr\u00fcndet. Mit dieser gest\u00e4rkten Organisationskraft wollen wir&#8230;<\/p>\n","protected":false},"author":1,"featured_media":0,"comment_status":"open","ping_status":"open","sticky":false,"template":"","format":"standard","meta":{"_ef_editorial_meta_date_first-draft-date":"","_ef_editorial_meta_paragraph_assignment":"","_ef_editorial_meta_checkbox_needs-photo":"","_ef_editorial_meta_number_word-count":"","footnotes":""},"categories":[1],"tags":[],"_links":{"self":[{"href":"http:\/\/www.murks-nein-danke.de\/verein\/wp-json\/wp\/v2\/posts\/1"}],"collection":[{"href":"http:\/\/www.murks-nein-danke.de\/verein\/wp-json\/wp\/v2\/posts"}],"about":[{"href":"http:\/\/www.murks-nein-danke.de\/verein\/wp-json\/wp\/v2\/types\/post"}],"author":[{"embeddable":true,"href":"http:\/\/www.murks-nein-danke.de\/verein\/wp-json\/wp\/v2\/users\/1"}],"replies":[{"embeddable":true,"href":"http:\/\/www.murks-nein-danke.de\/verein\/wp-json\/wp\/v2\/comments?post=1"}],"version-history":[{"count":2,"href":"http:\/\/www.murks-nein-danke.de\/verein\/wp-json\/wp\/v2\/posts\/1\/revisions"}],"predecessor-version":[{"id":49,"href":"http:\/\/www.murks-nein-danke.de\/verein\/wp-json\/wp\/v2\/posts\/1\/revisions\/49"}],"wp:attachment":[{"href":"http:\/\/www.murks-nein-danke.de\/verein\/wp-json\/wp\/v2\/media?parent=1"}],"wp:term":[{"taxonomy":"category","embeddable":true,"href":"http:\/\/www.murks-nein-danke.de\/verein\/wp-json\/wp\/v2\/categories?post=1"},{"taxonomy":"post_tag","embeddable":true,"href":"http:\/\/www.murks-nein-danke.de\/verein\/wp-json\/wp\/v2\/tags?post=1"}],"curies":[{"name":"wp","href":"https:\/\/api.w.org\/{rel}","templated":true}]}}