{"id":207,"date":"2013-09-05T11:14:39","date_gmt":"2013-09-05T09:14:39","guid":{"rendered":"http:\/\/www.murks-nein-danke.de\/verein\/?p=207"},"modified":"2013-09-05T11:14:39","modified_gmt":"2013-09-05T09:14:39","slug":"nominiert-deutscher-lokaler-nachhaltigkeitspreis-zeitzeichen-2013","status":"publish","type":"post","link":"http:\/\/www.murks-nein-danke.de\/verein\/nominiert-deutscher-lokaler-nachhaltigkeitspreis-zeitzeichen-2013\/","title":{"rendered":"Nominiert: Deutscher Lokaler Nachhaltigkeitspreis ZeitzeicheN 2013"},"content":{"rendered":"<p>Die b\u00fcrgerschaftliche Vereinigung MURKS? NEIN DANKE! ist nominiert f\u00fcr den Deutschen Lokalen Nachhaltigkeitspreis ZeitzeicheN 2013. Dar\u00fcber freuen wir uns besonders. Am 7. Netzwerk21Kongress am 8. und 9. Oktober 2013 in Stuttgart soll die Preisverleihung stattfinden und wir hoffen sehr, dabei ber\u00fccksichtigt zu werden.<\/p>\n<p>Der Kongress lohnt sich selbst schon f\u00fcr eine Teilnahme. Der bundesweite Netzwerk21Kongress bietet zum siebenten Mal eine Plattform f\u00fcr Erfahrungsaustausch, St\u00e4rkung und Vernetzung lokaler Nachhaltigkeitsinitiativen. Er ist ein Ort der kritischen Diskussion und Weiterbildung f\u00fcr eine nachhaltige Kommunalentwicklung.<\/p>\n<p>Konkret geht es dabei um Fragen wie<\/p>\n<ul>\n<li>Wie weit gehen Mitwirkung und Beteiligung bei den Themen Ressourcenschonung und Energiewende?<\/li>\n<li>Wie wird man zum Anstifter f\u00fcr Nachhaltige Entwicklung?<\/li>\n<li>Welche Vorschl\u00e4ge gibt es f\u00fcr Nachhaltigkeitsmanagement und Nachhaltigkeitsindikatoren?<\/li>\n<\/ul>\n<p><img loading=\"lazy\" decoding=\"async\" alt=\"\" src=\"http:\/\/www.netzwerk21kongress.de\/pix\/std_arrB.gif\" width=\"11\" height=\"8\" \/><a title=\"springe zu: de\/programm_2013.asp\" href=\"http:\/\/www.netzwerk21kongress.de\/de\/programm_2013.asp\">Das komplette Programm finden ihr hier &#8230;<\/a><\/p>\n<p>Bitte kommt alle dorthin und dr\u00fcckt uns die Daumen.<\/p>\n","protected":false},"excerpt":{"rendered":"<p>Die b\u00fcrgerschaftliche Vereinigung MURKS? NEIN DANKE! ist nominiert f\u00fcr den Deutschen Lokalen Nachhaltigkeitspreis ZeitzeicheN 2013. Dar\u00fcber freuen wir uns besonders. Am 7. Netzwerk21Kongress am 8. und 9. Oktober 2013 in&#8230;<\/p>\n","protected":false},"author":1,"featured_media":0,"comment_status":"open","ping_status":"open","sticky":false,"template":"","format":"standard","meta":{"_ef_editorial_meta_date_first-draft-date":"","_ef_editorial_meta_paragraph_assignment":"","_ef_editorial_meta_checkbox_needs-photo":"","_ef_editorial_meta_number_word-count":"","footnotes":""},"categories":[1],"tags":[51,50],"_links":{"self":[{"href":"http:\/\/www.murks-nein-danke.de\/verein\/wp-json\/wp\/v2\/posts\/207"}],"collection":[{"href":"http:\/\/www.murks-nein-danke.de\/verein\/wp-json\/wp\/v2\/posts"}],"about":[{"href":"http:\/\/www.murks-nein-danke.de\/verein\/wp-json\/wp\/v2\/types\/post"}],"author":[{"embeddable":true,"href":"http:\/\/www.murks-nein-danke.de\/verein\/wp-json\/wp\/v2\/users\/1"}],"replies":[{"embeddable":true,"href":"http:\/\/www.murks-nein-danke.de\/verein\/wp-json\/wp\/v2\/comments?post=207"}],"version-history":[{"count":1,"href":"http:\/\/www.murks-nein-danke.de\/verein\/wp-json\/wp\/v2\/posts\/207\/revisions"}],"predecessor-version":[{"id":208,"href":"http:\/\/www.murks-nein-danke.de\/verein\/wp-json\/wp\/v2\/posts\/207\/revisions\/208"}],"wp:attachment":[{"href":"http:\/\/www.murks-nein-danke.de\/verein\/wp-json\/wp\/v2\/media?parent=207"}],"wp:term":[{"taxonomy":"category","embeddable":true,"href":"http:\/\/www.murks-nein-danke.de\/verein\/wp-json\/wp\/v2\/categories?post=207"},{"taxonomy":"post_tag","embeddable":true,"href":"http:\/\/www.murks-nein-danke.de\/verein\/wp-json\/wp\/v2\/tags?post=207"}],"curies":[{"name":"wp","href":"https:\/\/api.w.org\/{rel}","templated":true}]}}