{"id":211,"date":"2013-11-01T22:16:14","date_gmt":"2013-11-01T20:16:14","guid":{"rendered":"http:\/\/www.murks-nein-danke.de\/verein\/?p=211"},"modified":"2013-11-01T22:16:14","modified_gmt":"2013-11-01T20:16:14","slug":"murks-nein-danke-repaircafe-auf-dem-heldenmarkt-in-berlin-16-17-11-2013","status":"publish","type":"post","link":"http:\/\/www.murks-nein-danke.de\/verein\/murks-nein-danke-repaircafe-auf-dem-heldenmarkt-in-berlin-16-17-11-2013\/","title":{"rendered":"MURKS? NEIN DANKE! RepairCafe auf dem Heldenmarkt in Berlin 16.\/17.11.2013"},"content":{"rendered":"<p>Dieses Jahr sind wir mit MURKS? NEIN DANKE! ganzt\u00e4gig auf dem <a href=\"http:\/\/www.heldenmarkt.de\/berlin-2\/\" target=\"_blank\">Heldenmarkt in Berlin<\/a> mit einem eigenen Stand pr\u00e4sent und f\u00fchren dort gemeinsam mit regionalen Repair-Initiativen ein RepairCafe durch.<\/p>\n<p>In diesem RepairCafe k\u00f6nnen die BesucherInnen des Heldenmarktes mitgebrachte Dinge\u00a0 miteinander Dinge unter Anleitung erfahrener Reparateure oder in gemeinschaftlicher Selbsthilfe reparieren. Werkzeuge haben wir ebenfalls vor Ort.<\/p>\n<p>Wir freuen uns sehr auf dieses Erlebnis und empfhele gerne den Besuch des Heldenmarktes, der Messe f\u00fcr nachhaltigen Konsum.<\/p>\n<p>F\u00fcr die Durchf\u00fchrung suchen wir noch weitere Reparateure und Standhilfen zur Moderation. Wer mitmachen will oder k\u00fcnftig eigene RepairCafe bei MURKS? NEIN DANKE! mitgestalten will registriert sich bitte auf unserem <a href=\"http:\/\/murks-nein-danke.de\/team\" target=\"_blank\">Teamportal<\/a> und meldet sich so bald als m\u00f6glich in unserer Gruppe &#8222;RepairCafe&#8220;.<\/p>\n","protected":false},"excerpt":{"rendered":"<p>Dieses Jahr sind wir mit MURKS? NEIN DANKE! ganzt\u00e4gig auf dem Heldenmarkt in Berlin mit einem eigenen Stand pr\u00e4sent und f\u00fchren dort gemeinsam mit regionalen Repair-Initiativen ein RepairCafe durch. In&#8230;<\/p>\n","protected":false},"author":1,"featured_media":0,"comment_status":"open","ping_status":"open","sticky":false,"template":"","format":"standard","meta":{"_ef_editorial_meta_date_first-draft-date":"","_ef_editorial_meta_paragraph_assignment":"","_ef_editorial_meta_checkbox_needs-photo":"","_ef_editorial_meta_number_word-count":"","footnotes":""},"categories":[52],"tags":[54,53,104],"_links":{"self":[{"href":"http:\/\/www.murks-nein-danke.de\/verein\/wp-json\/wp\/v2\/posts\/211"}],"collection":[{"href":"http:\/\/www.murks-nein-danke.de\/verein\/wp-json\/wp\/v2\/posts"}],"about":[{"href":"http:\/\/www.murks-nein-danke.de\/verein\/wp-json\/wp\/v2\/types\/post"}],"author":[{"embeddable":true,"href":"http:\/\/www.murks-nein-danke.de\/verein\/wp-json\/wp\/v2\/users\/1"}],"replies":[{"embeddable":true,"href":"http:\/\/www.murks-nein-danke.de\/verein\/wp-json\/wp\/v2\/comments?post=211"}],"version-history":[{"count":1,"href":"http:\/\/www.murks-nein-danke.de\/verein\/wp-json\/wp\/v2\/posts\/211\/revisions"}],"predecessor-version":[{"id":212,"href":"http:\/\/www.murks-nein-danke.de\/verein\/wp-json\/wp\/v2\/posts\/211\/revisions\/212"}],"wp:attachment":[{"href":"http:\/\/www.murks-nein-danke.de\/verein\/wp-json\/wp\/v2\/media?parent=211"}],"wp:term":[{"taxonomy":"category","embeddable":true,"href":"http:\/\/www.murks-nein-danke.de\/verein\/wp-json\/wp\/v2\/categories?post=211"},{"taxonomy":"post_tag","embeddable":true,"href":"http:\/\/www.murks-nein-danke.de\/verein\/wp-json\/wp\/v2\/tags?post=211"}],"curies":[{"name":"wp","href":"https:\/\/api.w.org\/{rel}","templated":true}]}}