{"id":278,"date":"2014-03-23T23:55:19","date_gmt":"2014-03-23T21:55:19","guid":{"rendered":"http:\/\/www.murks-nein-danke.de\/verein\/?p=278"},"modified":"2014-04-27T14:32:23","modified_gmt":"2014-04-27T12:32:23","slug":"monatstreffen-gesamt-fuer-alle","status":"publish","type":"post","link":"http:\/\/www.murks-nein-danke.de\/verein\/monatstreffen-gesamt-fuer-alle\/","title":{"rendered":"Monatstreffen Gesamt f\u00fcr alle"},"content":{"rendered":"<p>Wir treffen uns als Gesamtteam zu unserem monatlichen Austausch. G\u00e4ste sind herzlich willkommen. Auf der Agenda stehen die aktuellen Informationen zu den Entwicklungen in unseren Projekten.<\/p>\n<p>Wir informieren auch \u00fcber M\u00f6glichkeiten unsere Bereiche<\/p>\n<ul>\n<li>Portal<\/li>\n<li>Murkseum<\/li>\n<li>Roadshow<\/li>\n<li>Netzwerk<\/li>\n<li>RepairCafe<\/li>\n<li>Kampa<\/li>\n<\/ul>\n<p>aktiv mitzugestalten.<\/p>\n<p>Die bereits \u00fcbermittelten Termine f\u00fcr die Monatstreffen an den Sonntagen k\u00f6nnt Ihr wieder \u00a0aus Euren Kalendern l\u00f6schen.<br \/>\nWir treffen uns ab sofort an jedem 4. Dienstag im Monat 18 Uhr. Bitte schaut f\u00fcr genauere Informationen unter Termine. Vielen Dank.<\/p>\n","protected":false},"excerpt":{"rendered":"<p>Wir treffen uns als Gesamtteam zu unserem monatlichen Austausch. G\u00e4ste sind herzlich willkommen. Auf der Agenda stehen die aktuellen Informationen zu den Entwicklungen in unseren Projekten. Wir informieren auch \u00fcber&#8230;<\/p>\n","protected":false},"author":4,"featured_media":0,"comment_status":"open","ping_status":"open","sticky":false,"template":"","format":"standard","meta":{"_ef_editorial_meta_date_first-draft-date":"","_ef_editorial_meta_paragraph_assignment":"","_ef_editorial_meta_checkbox_needs-photo":"","_ef_editorial_meta_number_word-count":"","footnotes":""},"categories":[1],"tags":[],"_links":{"self":[{"href":"http:\/\/www.murks-nein-danke.de\/verein\/wp-json\/wp\/v2\/posts\/278"}],"collection":[{"href":"http:\/\/www.murks-nein-danke.de\/verein\/wp-json\/wp\/v2\/posts"}],"about":[{"href":"http:\/\/www.murks-nein-danke.de\/verein\/wp-json\/wp\/v2\/types\/post"}],"author":[{"embeddable":true,"href":"http:\/\/www.murks-nein-danke.de\/verein\/wp-json\/wp\/v2\/users\/4"}],"replies":[{"embeddable":true,"href":"http:\/\/www.murks-nein-danke.de\/verein\/wp-json\/wp\/v2\/comments?post=278"}],"version-history":[{"count":4,"href":"http:\/\/www.murks-nein-danke.de\/verein\/wp-json\/wp\/v2\/posts\/278\/revisions"}],"predecessor-version":[{"id":311,"href":"http:\/\/www.murks-nein-danke.de\/verein\/wp-json\/wp\/v2\/posts\/278\/revisions\/311"}],"wp:attachment":[{"href":"http:\/\/www.murks-nein-danke.de\/verein\/wp-json\/wp\/v2\/media?parent=278"}],"wp:term":[{"taxonomy":"category","embeddable":true,"href":"http:\/\/www.murks-nein-danke.de\/verein\/wp-json\/wp\/v2\/categories?post=278"},{"taxonomy":"post_tag","embeddable":true,"href":"http:\/\/www.murks-nein-danke.de\/verein\/wp-json\/wp\/v2\/tags?post=278"}],"curies":[{"name":"wp","href":"https:\/\/api.w.org\/{rel}","templated":true}]}}