{"id":284,"date":"2014-04-09T18:33:50","date_gmt":"2014-04-09T16:33:50","guid":{"rendered":"http:\/\/www.murks-nein-danke.de\/verein\/?p=284"},"modified":"2014-04-09T18:33:50","modified_gmt":"2014-04-09T16:33:50","slug":"meilenstein-erreicht-anerkennung-der-gemeinnuetzigkeit","status":"publish","type":"post","link":"http:\/\/www.murks-nein-danke.de\/verein\/meilenstein-erreicht-anerkennung-der-gemeinnuetzigkeit\/","title":{"rendered":"Meilenstein erreicht: Anerkennung der Gemeinn\u00fctzigkeit"},"content":{"rendered":"<p>Mit amtlicher Mitteilung vom 8. April 2014 wurde unserem Verein best\u00e4tigt, dass wir satzungsgem\u00e4\u00df steuerbeg\u00fcnstigten Zwecken dienen. Die gemeinn\u00fctzigen Zwecke sind<\/p>\n<ul>\n<li>von Verbraucherberatung und Verbraucherschutz<\/li>\n<li>der Erziehung, Volks- und Berufsbildung einschlie\u00dflich der Studentenhilfe<\/li>\n<li>des b\u00fcrgerschaftlichen Engagements zugunsten gemeinn\u00fctziger, mildt\u00e4tiger und kirchlicher Zwecke<\/li>\n<\/ul>\n<p>Bitte unterst\u00fctzen Sie unsere Unabh\u00e4ngigkeit als f\u00f6rderndes oder aktives Mitglied und<\/p>\n<h3><a href=\"http:\/\/www.murks-nein-danke.de\/verein\/mitgliedschaft\/\" target=\"_blank\">beantragen Sie jetzt Ihre Mitgliedschaft<\/a>.<\/h3>\n","protected":false},"excerpt":{"rendered":"<p>Mit amtlicher Mitteilung vom 8. April 2014 wurde unserem Verein best\u00e4tigt, dass wir satzungsgem\u00e4\u00df steuerbeg\u00fcnstigten Zwecken dienen. Die gemeinn\u00fctzigen Zwecke sind von Verbraucherberatung und Verbraucherschutz der Erziehung, Volks- und Berufsbildung&#8230;<\/p>\n","protected":false},"author":1,"featured_media":0,"comment_status":"open","ping_status":"open","sticky":false,"template":"","format":"standard","meta":{"_ef_editorial_meta_date_first-draft-date":"","_ef_editorial_meta_paragraph_assignment":"","_ef_editorial_meta_checkbox_needs-photo":"","_ef_editorial_meta_number_word-count":"","footnotes":""},"categories":[73],"tags":[],"_links":{"self":[{"href":"http:\/\/www.murks-nein-danke.de\/verein\/wp-json\/wp\/v2\/posts\/284"}],"collection":[{"href":"http:\/\/www.murks-nein-danke.de\/verein\/wp-json\/wp\/v2\/posts"}],"about":[{"href":"http:\/\/www.murks-nein-danke.de\/verein\/wp-json\/wp\/v2\/types\/post"}],"author":[{"embeddable":true,"href":"http:\/\/www.murks-nein-danke.de\/verein\/wp-json\/wp\/v2\/users\/1"}],"replies":[{"embeddable":true,"href":"http:\/\/www.murks-nein-danke.de\/verein\/wp-json\/wp\/v2\/comments?post=284"}],"version-history":[{"count":1,"href":"http:\/\/www.murks-nein-danke.de\/verein\/wp-json\/wp\/v2\/posts\/284\/revisions"}],"predecessor-version":[{"id":291,"href":"http:\/\/www.murks-nein-danke.de\/verein\/wp-json\/wp\/v2\/posts\/284\/revisions\/291"}],"wp:attachment":[{"href":"http:\/\/www.murks-nein-danke.de\/verein\/wp-json\/wp\/v2\/media?parent=284"}],"wp:term":[{"taxonomy":"category","embeddable":true,"href":"http:\/\/www.murks-nein-danke.de\/verein\/wp-json\/wp\/v2\/categories?post=284"},{"taxonomy":"post_tag","embeddable":true,"href":"http:\/\/www.murks-nein-danke.de\/verein\/wp-json\/wp\/v2\/tags?post=284"}],"curies":[{"name":"wp","href":"https:\/\/api.w.org\/{rel}","templated":true}]}}