{"id":317,"date":"2014-05-29T14:31:25","date_gmt":"2014-05-29T12:31:25","guid":{"rendered":"http:\/\/www.murks-nein-danke.de\/verein\/?p=317"},"modified":"2014-05-29T14:36:54","modified_gmt":"2014-05-29T12:36:54","slug":"umweltfestival-repaircafe","status":"publish","type":"post","link":"http:\/\/www.murks-nein-danke.de\/verein\/umweltfestival-repaircafe\/","title":{"rendered":"UMWELTFESTIVAL &#8211; RepairCafe"},"content":{"rendered":"<p><span class=\"photo \"><img decoding=\"async\" class=\"photo_img img\" title=\"\" src=\"https:\/\/scontent-a-fra.xx.fbcdn.net\/hphotos-xpa1\/t1.0-9\/s720x720\/10314694_717661191625583_3961635990519355265_n.png\" alt=\"\" \/><\/span><\/p>\n<p>Mit Berlins umweltfreundlichstem Festival verwandelt die GR\u00dcNE LIGA allj\u00e4hrlich im Fr\u00fchsommer die Stra\u00dfe des 17. Juni in einen fr\u00f6hlichen Ort.<br \/>\nPr\u00e4sentiert werden nachhaltige Wirtschaftsmodelle und klimafreundliche Innovationen ebenso wie Informationsangebote zu nachhaltigem Konsum, umweltfreundlicher Mobilit\u00e4t und sanftem Tourismus. Es gibt Leckeres zu essen und trinken aus \u00f6kologischem Landbau und artgerechter Tierhaltung, Stra\u00dfentheater, Spiel- und Mitmachangebote f\u00fcr Jung und Alt und auf zwei B\u00fchnen ein Unterhaltungsprogramm mit Livemusik, Talkrunden und Vorf\u00fchrungen.<\/p>\n<p><b>MURKS? NEIN DANKE! e.V. ist am Sonntag den 01.06.2014 auf dem UMWELTFESTIVAL 2014 in Berlin dabei. Kommt alle vorbei.<br \/>\n<\/b><\/p>\n<p><b>Lasst uns feiern. <\/b><b>Ihr findet uns an der B\u00fchne am sowjetischen Ehrenmal.<\/b><\/p>\n<blockquote>\n<ul>\n<li><b>Wir reparieren: AKTIONSTAND REPAIRCAFE<br \/>\nKommt alle und lasst uns Dinge retten. Bringt was mit &#8211; repariert mit uns.<\/b><\/li>\n<li><b>Wir diskutieren: STREITGESPR\u00c4CH auf der B\u00fchne<br \/>\nWas wir tun k\u00f6nnen, damit die Dinge besser werden.<\/b><\/li>\n<li><b>Wir fabulieren: MURKS? NEIN DANKE! e.V. l\u00e4dt am Stand ein.<br \/>\nWir setzen das Handlungsprogramm um.\u00a0 Deine Ideen sind willkommen.<\/b><\/li>\n<\/ul>\n<\/blockquote>\n<p>&nbsp;<\/p>\n<p><b>Bitte teilt diesen Aufruf und gebt die Einladung weiter.<br \/>\n<\/b><\/p>\n<p><b>Streitgespr\u00e4che am 1. Juni beim Umweltfestival 2014<\/b><\/p>\n<p>Zum Umweltfestival von 11 bis 19 Uhr am Brandenburger Tor geh\u00f6ren traditionell spannende Debatten zu aktuellen Themen rund um Natur- und Verbraucherschutz. Auch das diesj\u00e4hrige Talkprogramm der GR\u00dcNEN LIGA auf den beiden B\u00fchnen verspricht wieder brisante Streitgespr\u00e4che und informative Vortr\u00e4ge.<\/p>\n<p><b>MURKS? NEIN DANKE!<br \/>\n<\/b><\/p>\n<p>Drucker, die von einem Blatt zum anderen ihren Betrieb einstellen, K\u00fcchenger\u00e4te, die nach wenigen Minuten hei\u00df laufen, Kleidung, bei der sich nach zweimaligem Tragen die N\u00e4hte l\u00f6sen \u2013 dieser Beispiele gibt es viele und es werden (anscheinend) immer mehr.<br \/>\nAbsichtlich herbeigef\u00fchrter Verschlei\u00df von Produkten dient einzig dazu, den Kauf neuer Produkte zu erzwingen. Der volkswirtschaftliche Schaden geht in die Milliarden, wertvolle Ressourcen werden verschwendet, die Umwelt wird unn\u00f6tig belastet. Der Referent <b>Stefan Schridde, oekom-Autor<\/b> <b>und Vorstand von MURKS? NEIN DANKE! e. V.<\/b>, gilt als einer der f\u00fchrenden Experten in der aktuellen Debatte \u00fcber die Sch\u00e4den durch geplante Obsoleszenz in Deutschland. In seinem Vortrag wird er auf konkrete Beispiele f\u00fcr den geplanten Verschlei\u00df von Produkten eingehen, die Hintergr\u00fcnde dieser Verbrauchert\u00e4uschung ausleuchten und Hinweise geben, woran jede(r) einzelne eine langlebige und nachhaltige Produktqualit\u00e4t erkennen kann.<\/p>\n<p><a href=\"http:\/\/www.umweltfestival.de\/?page_id=5775\" target=\"_blank\"><b>Termin 13:45 Uhr B\u00fchne am sowjetischen Ehrenmal <\/b><\/a><\/p>\n<p><b>Ganzt\u00e4gig reparieren wir an unsere AKTIONSTAND REPAIRCAFE am sowjetischen Ehrendenkmal links von der B\u00fchne.<\/b><br \/>\n<span class=\"photo \"><img decoding=\"async\" class=\"photo_img img\" title=\"\" src=\"https:\/\/scontent-b-fra.xx.fbcdn.net\/hphotos-xpf1\/t31.0-8\/q71\/s720x720\/10256731_717660741625628_7777406315078080638_o.jpg\" alt=\"\" \/><\/span><br \/>\nWir reparieren dort gemeinsam liebgewordene G\u00fcter. Schaut alle vorbei und bringt gerne etwas von Euch mit.<\/p>\n<p><b>AUFRUF: RepariererInnen sind herzlich willkommen. Wir freuen uns \u00fcber jede Unterst\u00fctzung, damit alle mitgebrachten Dinge heile werden. <\/b><b>Bitte teilt diesen Aufruf und gebt die Einladung weiter.<\/b><\/p>\n","protected":false},"excerpt":{"rendered":"<p>Mit Berlins umweltfreundlichstem Festival verwandelt die GR\u00dcNE LIGA allj\u00e4hrlich im Fr\u00fchsommer die Stra\u00dfe des 17. Juni in einen fr\u00f6hlichen Ort. Pr\u00e4sentiert werden nachhaltige Wirtschaftsmodelle und klimafreundliche Innovationen ebenso wie Informationsangebote&#8230;<\/p>\n","protected":false},"author":1,"featured_media":0,"comment_status":"open","ping_status":"open","sticky":false,"template":"","format":"standard","meta":{"_ef_editorial_meta_date_first-draft-date":"","_ef_editorial_meta_paragraph_assignment":"","_ef_editorial_meta_checkbox_needs-photo":"","_ef_editorial_meta_number_word-count":"","footnotes":""},"categories":[52,74],"tags":[106,75],"_links":{"self":[{"href":"http:\/\/www.murks-nein-danke.de\/verein\/wp-json\/wp\/v2\/posts\/317"}],"collection":[{"href":"http:\/\/www.murks-nein-danke.de\/verein\/wp-json\/wp\/v2\/posts"}],"about":[{"href":"http:\/\/www.murks-nein-danke.de\/verein\/wp-json\/wp\/v2\/types\/post"}],"author":[{"embeddable":true,"href":"http:\/\/www.murks-nein-danke.de\/verein\/wp-json\/wp\/v2\/users\/1"}],"replies":[{"embeddable":true,"href":"http:\/\/www.murks-nein-danke.de\/verein\/wp-json\/wp\/v2\/comments?post=317"}],"version-history":[{"count":3,"href":"http:\/\/www.murks-nein-danke.de\/verein\/wp-json\/wp\/v2\/posts\/317\/revisions"}],"predecessor-version":[{"id":319,"href":"http:\/\/www.murks-nein-danke.de\/verein\/wp-json\/wp\/v2\/posts\/317\/revisions\/319"}],"wp:attachment":[{"href":"http:\/\/www.murks-nein-danke.de\/verein\/wp-json\/wp\/v2\/media?parent=317"}],"wp:term":[{"taxonomy":"category","embeddable":true,"href":"http:\/\/www.murks-nein-danke.de\/verein\/wp-json\/wp\/v2\/categories?post=317"},{"taxonomy":"post_tag","embeddable":true,"href":"http:\/\/www.murks-nein-danke.de\/verein\/wp-json\/wp\/v2\/tags?post=317"}],"curies":[{"name":"wp","href":"https:\/\/api.w.org\/{rel}","templated":true}]}}