{"id":710,"date":"2017-06-26T12:18:01","date_gmt":"2017-06-26T10:18:01","guid":{"rendered":"http:\/\/www.murks-nein-danke.de\/verein\/?p=710"},"modified":"2018-03-07T22:19:10","modified_gmt":"2018-03-07T20:19:10","slug":"das-projektlabor-startet-seine-arbeit","status":"publish","type":"post","link":"http:\/\/www.murks-nein-danke.de\/verein\/das-projektlabor-startet-seine-arbeit\/","title":{"rendered":"Das Projektlabor startet seine Arbeit"},"content":{"rendered":"<p>Im Projektlabor entstehen zielf\u00fchrende Projektideen und wirksame Umsetzungspl\u00e4ne. Wir recherchieren laufend F\u00f6rderprogramme auf lokaler, nationaler und europ\u00e4ischer Ebene und entwickeln pragmatische Konzepte dazu. F\u00fcr f\u00f6rderf\u00e4hige Projekte suchen wir laufend auch extern Ideen und Partner, die sich mit uns f\u00fcr Nachhaltigkeit, Haltbarkeit und Faire Produkte im Rahmen von gef\u00f6rderten Projekten einsetzen wollen. Interessierte Firmen und Organisationen melden sich bitte bei Stefan Schridde (Vorstand; 017683299180; vo&#114;&#115;&#116;&#x61;&#x6e;&#x64;&#x40;&#x6d;ur&#107;&#115;&#45;&#x6e;&#x65;&#x69;&#x6e;&#x2d;da&#110;&#107;&#101;&#x2e;&#x64;&#x65;).<\/p>\n","protected":false},"excerpt":{"rendered":"<p>Im Projektlabor entstehen zielf\u00fchrende Projektideen und wirksame Umsetzungspl\u00e4ne. Wir recherchieren laufend F\u00f6rderprogramme auf lokaler, nationaler und europ\u00e4ischer Ebene und entwickeln pragmatische Konzepte dazu. F\u00fcr f\u00f6rderf\u00e4hige Projekte suchen wir laufend auch&#8230;<\/p>\n","protected":false},"author":1,"featured_media":0,"comment_status":"open","ping_status":"open","sticky":false,"template":"","format":"standard","meta":{"_ef_editorial_meta_date_first-draft-date":"","_ef_editorial_meta_paragraph_assignment":"","_ef_editorial_meta_checkbox_needs-photo":"","_ef_editorial_meta_number_word-count":"","footnotes":""},"categories":[55,121],"tags":[123,122,124],"_links":{"self":[{"href":"http:\/\/www.murks-nein-danke.de\/verein\/wp-json\/wp\/v2\/posts\/710"}],"collection":[{"href":"http:\/\/www.murks-nein-danke.de\/verein\/wp-json\/wp\/v2\/posts"}],"about":[{"href":"http:\/\/www.murks-nein-danke.de\/verein\/wp-json\/wp\/v2\/types\/post"}],"author":[{"embeddable":true,"href":"http:\/\/www.murks-nein-danke.de\/verein\/wp-json\/wp\/v2\/users\/1"}],"replies":[{"embeddable":true,"href":"http:\/\/www.murks-nein-danke.de\/verein\/wp-json\/wp\/v2\/comments?post=710"}],"version-history":[{"count":2,"href":"http:\/\/www.murks-nein-danke.de\/verein\/wp-json\/wp\/v2\/posts\/710\/revisions"}],"predecessor-version":[{"id":751,"href":"http:\/\/www.murks-nein-danke.de\/verein\/wp-json\/wp\/v2\/posts\/710\/revisions\/751"}],"wp:attachment":[{"href":"http:\/\/www.murks-nein-danke.de\/verein\/wp-json\/wp\/v2\/media?parent=710"}],"wp:term":[{"taxonomy":"category","embeddable":true,"href":"http:\/\/www.murks-nein-danke.de\/verein\/wp-json\/wp\/v2\/categories?post=710"},{"taxonomy":"post_tag","embeddable":true,"href":"http:\/\/www.murks-nein-danke.de\/verein\/wp-json\/wp\/v2\/tags?post=710"}],"curies":[{"name":"wp","href":"https:\/\/api.w.org\/{rel}","templated":true}]}}