{"id":948,"date":"2020-11-26T16:37:17","date_gmt":"2020-11-26T14:37:17","guid":{"rendered":"http:\/\/www.murks-nein-danke.de\/verein\/?p=948"},"modified":"2020-11-30T15:39:05","modified_gmt":"2020-11-30T13:39:05","slug":"nun-ist-es-angekommen","status":"publish","type":"post","link":"http:\/\/www.murks-nein-danke.de\/verein\/nun-ist-es-angekommen\/","title":{"rendered":"Nun ist es angekommen."},"content":{"rendered":"\n<p>Das Europ\u00e4ische Parlament sendet eine klare <a href=\"https:\/\/www.europarl.europa.eu\/news\/de\/press-room\/20201120IPR92118\/parliament-wants-to-grant-eu-consumers-a-right-to-repair\">Botschaft<\/a> aus: Eine harmonisierte obligatorische Kennzeichnung mit Angaben zur Haltbarkeit und der Kampf gegen vorzeitiges Veralten auf EU-Ebene sind der Weg in die Zukunft.<\/p>\n\n\n\n<p>Beim Kauf von Produkten sollen nach Forderung der Parlamentarier*innen:<\/p>\n\n\n\n<ul><li>Informationen \u00fcber die Verf\u00fcgbarkeit von Ersatzteilen, Software-Aktualisierungen und die Reparierbarkeit \u201eklar und leicht lesbar zur Verf\u00fcgung gestellt werden<\/li><li>Reparaturkosten und -zeiten \u201eklar und leicht lesbar zur Verf\u00fcgung gestellt werden&#8220;<\/li><li>eine Produktdokumentation soll dar\u00fcber hinaus \u201eeine Zusammenfassung der am h\u00e4ufigsten aufgetretenen M\u00e4ngel und der Art und Weise, wie sie behoben werden k\u00f6nnen&#8220;, enthalten<\/li><li>der Preis eines Ersatzteils soll im Verh\u00e4ltnis zum Preis des gesamten Produkts stehen.<\/li><\/ul>\n\n\n\n<p>Die EU-Kommission soll ein \u201eRecht auf Reparatur\u201c f\u00fcr Verbraucher schaffen und damit die \u201esystematische Durchf\u00fchrung von Reparaturen kosteneffizient und attraktiv\u201c machen. Verbraucher sollen kostenlos Zugang zu Reparatur- und Wartungsinformationen erhalten. Die Hersteller sollen verpflichtet werden, f\u00fcr einen verbindlichen Mindestzeitraum Ersatzteile bereitzustellen. Dieser Zeitraum soll der gesch\u00e4tzten Lebensdauer des Produkts entsprechen und nach dem Inverkehrbringen des letzten Exemplars beginnen.<\/p>\n\n\n\n<p>Das ist ein wesentlicher Meilenstein. Es geht schwungvoll weiter, zum Beispiel mit <a href=\"http:\/\/www.berlinrepair.org\">BerlinRepair<\/a>.<\/p>\n","protected":false},"excerpt":{"rendered":"<p>Das Europ\u00e4ische Parlament sendet eine klare Botschaft aus: Eine harmonisierte obligatorische Kennzeichnung mit Angaben zur Haltbarkeit und der Kampf gegen vorzeitiges Veralten auf EU-Ebene sind der Weg in die Zukunft.&#8230;<\/p>\n","protected":false},"author":1,"featured_media":0,"comment_status":"open","ping_status":"open","sticky":false,"template":"","format":"standard","meta":{"_ef_editorial_meta_date_first-draft-date":"","_ef_editorial_meta_paragraph_assignment":"","_ef_editorial_meta_checkbox_needs-photo":"","_ef_editorial_meta_number_word-count":"","footnotes":""},"categories":[1,99],"tags":[123],"_links":{"self":[{"href":"http:\/\/www.murks-nein-danke.de\/verein\/wp-json\/wp\/v2\/posts\/948"}],"collection":[{"href":"http:\/\/www.murks-nein-danke.de\/verein\/wp-json\/wp\/v2\/posts"}],"about":[{"href":"http:\/\/www.murks-nein-danke.de\/verein\/wp-json\/wp\/v2\/types\/post"}],"author":[{"embeddable":true,"href":"http:\/\/www.murks-nein-danke.de\/verein\/wp-json\/wp\/v2\/users\/1"}],"replies":[{"embeddable":true,"href":"http:\/\/www.murks-nein-danke.de\/verein\/wp-json\/wp\/v2\/comments?post=948"}],"version-history":[{"count":3,"href":"http:\/\/www.murks-nein-danke.de\/verein\/wp-json\/wp\/v2\/posts\/948\/revisions"}],"predecessor-version":[{"id":955,"href":"http:\/\/www.murks-nein-danke.de\/verein\/wp-json\/wp\/v2\/posts\/948\/revisions\/955"}],"wp:attachment":[{"href":"http:\/\/www.murks-nein-danke.de\/verein\/wp-json\/wp\/v2\/media?parent=948"}],"wp:term":[{"taxonomy":"category","embeddable":true,"href":"http:\/\/www.murks-nein-danke.de\/verein\/wp-json\/wp\/v2\/categories?post=948"},{"taxonomy":"post_tag","embeddable":true,"href":"http:\/\/www.murks-nein-danke.de\/verein\/wp-json\/wp\/v2\/tags?post=948"}],"curies":[{"name":"wp","href":"https:\/\/api.w.org\/{rel}","templated":true}]}}